{"id":4214,"date":"2023-04-17T11:33:21","date_gmt":"2023-04-17T08:33:21","guid":{"rendered":"https:\/\/www.besabelge.com\/?p=4214"},"modified":"2023-04-17T15:17:44","modified_gmt":"2023-04-17T12:17:44","slug":"4-buyuklerin-marka-rekabeti","status":"publish","type":"post","link":"https:\/\/www.besabelge.com\/index.php\/2023\/04\/17\/4-buyuklerin-marka-rekabeti\/","title":{"rendered":"4 B\u00fcy\u00fcklerin Marka Rekabeti"},"content":{"rendered":"\t\t<div data-elementor-type=\"wp-post\" data-elementor-id=\"4214\" class=\"elementor elementor-4214\">\n\t\t\t\t\t\t<section class=\"elementor-section elementor-top-section elementor-element elementor-element-da0b099 elementor-section-boxed elementor-section-height-default elementor-section-height-default\" data-id=\"da0b099\" data-element_type=\"section\">\n\t\t\t\t\t\t<div class=\"elementor-container elementor-column-gap-default\">\n\t\t\t\t\t<div class=\"elementor-column elementor-col-100 elementor-top-column elementor-element elementor-element-d71483b\" data-id=\"d71483b\" data-element_type=\"column\">\n\t\t\t<div class=\"elementor-widget-wrap elementor-element-populated\">\n\t\t\t\t\t\t<div class=\"elementor-element elementor-element-f804b92 elementor-widget elementor-widget-vankine-title-v1\" data-id=\"f804b92\" data-element_type=\"widget\" data-widget_type=\"vankine-title-v1.default\">\n\t\t\t\t<div class=\"elementor-widget-container\">\n\t\t\t                    <div class=\"section_title type_one\">\r\n                            <h6 class=\"sm_title\"> T\u00fcrk Futbolunun 4 B\u00fcy\u00fcklerinin<\/h6>\r\n                                        <div class=\"title_whole\"> \r\n                        <h2 class=\"title\"> Marka Rekabeti  <\/h2>\r\n                <\/div>\r\n                                <\/div>\r\n            \r\n\r\n    \t\t<\/div>\n\t\t\t\t<\/div>\n\t\t\t\t\t<\/div>\n\t\t<\/div>\n\t\t\t\t\t<\/div>\n\t\t<\/section>\n\t\t\t\t<section class=\"elementor-section elementor-top-section elementor-element elementor-element-a8596bd elementor-section-boxed elementor-section-height-default elementor-section-height-default\" data-id=\"a8596bd\" data-element_type=\"section\">\n\t\t\t\t\t\t<div class=\"elementor-container elementor-column-gap-default\">\n\t\t\t\t\t<div class=\"elementor-column elementor-col-100 elementor-top-column elementor-element elementor-element-7d9dd3e\" data-id=\"7d9dd3e\" data-element_type=\"column\">\n\t\t\t<div class=\"elementor-widget-wrap elementor-element-populated\">\n\t\t\t\t\t\t<div class=\"elementor-element elementor-element-4a61f8b elementor-widget elementor-widget-vankine-text-editor-v1\" data-id=\"4a61f8b\" data-element_type=\"widget\" data-widget_type=\"vankine-text-editor-v1.default\">\n\t\t\t\t<div class=\"elementor-widget-container\">\n\t\t\t   <div class=\"position-relative position_p_relative\">\r\n        <p>4 b\u00fcy\u00fcklerin sahadaki rekabeti h\u0131zla devam ederken, rekabete uzman\u0131 oldu\u011fumuz Fikri Haklar ba\u015fl\u0131\u011f\u0131 y\u00f6n\u00fcnden bakmak istedik. Kul\u00fcplerimizin marka de\u011ferlerini ara\u015ft\u0131rmak i\u00e7in yeterli ve resmi veriler elimizde olmad\u0131\u011f\u0131 i\u00e7in bu rekabete tescili devam eden markalar\u0131 \u00fczerinden yakla\u015ft\u0131k ve en eski tescile sahip olmalar\u0131 y\u00f6n\u00fcnden s\u0131ralad\u0131k.\u00a0<\/p>    <\/div>\r\n\t\t<\/div>\n\t\t\t\t<\/div>\n\t\t\t\t<div class=\"elementor-element elementor-element-5eadcf0 elementor-widget elementor-widget-vankine-text-editor-v1\" data-id=\"5eadcf0\" data-element_type=\"widget\" data-widget_type=\"vankine-text-editor-v1.default\">\n\t\t\t\t<div class=\"elementor-widget-container\">\n\t\t\t   <div class=\"position-relative position_p_relative\">\r\n        <p>\u00a0\u00c7\u0131kan puan durumuna g\u00f6re zirveyi 20.06.1996 tarihli \"Be\u015fikta\u015f\" marka ba\u015fvurusu ile Be\u015fikta\u015f Jimnastik Kul\u00fcb\u00fc Derne\u011fi ald\u0131. \u0130kinci s\u0131rada 03.10.1997 y\u0131l\u0131nda logosu ile beraber ba\u015fvuru yapan Fenerbah\u00e7e Spor Kul\u00fcb\u00fc gelirken onu tarihi UEFA kupas\u0131 finalinden 1 sene \u00f6ncesinde, 07.05.1999 tarihinde yapt\u0131\u011f\u0131 ba\u015fvuru ile Galatasaray Ma\u011fazac\u0131l\u0131k ve Perakendecilik A.\u015e. ald\u0131. 4. s\u0131rada ise 15.05.2003 tarihli ba\u015fvurusu ile Trabzonspor Ticari \u00dcr\u00fcnler ve Turizm \u0130\u015fletmecili\u011fi Ticaret A.\u015e. bitirdi.\u00a0<\/p>    <\/div>\r\n\t\t<\/div>\n\t\t\t\t<\/div>\n\t\t\t\t\t<\/div>\n\t\t<\/div>\n\t\t\t\t\t<\/div>\n\t\t<\/section>\n\t\t\t\t<\/div>\n\t\t","protected":false},"excerpt":{"rendered":"<p>T\u00fcrk Futbolunun 4 B\u00fcy\u00fcklerinin Marka Rekabeti 4 b\u00fcy\u00fcklerin sahadaki rekabeti h\u0131zla devam ederken, rekabete uzman\u0131 oldu\u011fumuz Fikri Haklar ba\u015fl\u0131\u011f\u0131 y\u00f6n\u00fcnden bakmak istedik. Kul\u00fcplerimizin marka de\u011ferlerini ara\u015ft\u0131rmak i\u00e7in yeterli ve resmi veriler elimizde olmad\u0131\u011f\u0131 i\u00e7in bu rekabete tescili devam eden markalar\u0131 \u00fczerinden yakla\u015ft\u0131k ve en eski tescile sahip olmalar\u0131 y\u00f6n\u00fcnden s\u0131ralad\u0131k.&nbsp; &nbsp;\u00c7\u0131kan puan durumuna g\u00f6re zirveyi [&hellip;]<\/p>\n","protected":false},"author":1,"featured_media":4256,"comment_status":"closed","ping_status":"closed","sticky":false,"template":"","format":"standard","meta":{"_monsterinsights_skip_tracking":false,"_monsterinsights_sitenote_active":false,"_monsterinsights_sitenote_note":"","_monsterinsights_sitenote_category":0,"_joinchat":[]},"categories":[90,89],"tags":[],"yoast_head":"<!-- This site is optimized with the Yoast SEO plugin v21.7 - https:\/\/yoast.com\/wordpress\/plugins\/seo\/ -->\n<title>4 B\u00fcy\u00fcklerin Marka Rekabeti - Normpatent<\/title>\n<meta name=\"robots\" content=\"index, follow, max-snippet:-1, max-image-preview:large, max-video-preview:-1\" \/>\n<link rel=\"canonical\" href=\"https:\/\/www.besabelge.com\/index.php\/2023\/04\/17\/4-buyuklerin-marka-rekabeti\/\" \/>\n<meta property=\"og:locale\" content=\"tr_TR\" \/>\n<meta property=\"og:type\" content=\"article\" \/>\n<meta property=\"og:title\" content=\"4 B\u00fcy\u00fcklerin Marka Rekabeti - Normpatent\" \/>\n<meta property=\"og:description\" content=\"T\u00fcrk Futbolunun 4 B\u00fcy\u00fcklerinin Marka Rekabeti 4 b\u00fcy\u00fcklerin sahadaki rekabeti h\u0131zla devam ederken, rekabete uzman\u0131 oldu\u011fumuz Fikri Haklar ba\u015fl\u0131\u011f\u0131 y\u00f6n\u00fcnden bakmak istedik. Kul\u00fcplerimizin marka de\u011ferlerini ara\u015ft\u0131rmak i\u00e7in yeterli ve resmi veriler elimizde olmad\u0131\u011f\u0131 i\u00e7in bu rekabete tescili devam eden markalar\u0131 \u00fczerinden yakla\u015ft\u0131k ve en eski tescile sahip olmalar\u0131 y\u00f6n\u00fcnden s\u0131ralad\u0131k.&nbsp; &nbsp;\u00c7\u0131kan puan durumuna g\u00f6re zirveyi [&hellip;]\" \/>\n<meta property=\"og:url\" content=\"https:\/\/www.besabelge.com\/index.php\/2023\/04\/17\/4-buyuklerin-marka-rekabeti\/\" \/>\n<meta property=\"og:site_name\" content=\"Normpatent\" \/>\n<meta property=\"article:published_time\" content=\"2023-04-17T08:33:21+00:00\" \/>\n<meta property=\"article:modified_time\" content=\"2023-04-17T12:17:44+00:00\" \/>\n<meta property=\"og:image\" content=\"https:\/\/www.besabelge.com\/wp-content\/uploads\/2023\/04\/4_buyuklar.jpg\" \/>\n\t<meta property=\"og:image:width\" content=\"842\" \/>\n\t<meta property=\"og:image:height\" content=\"595\" \/>\n\t<meta property=\"og:image:type\" content=\"image\/jpeg\" \/>\n<meta name=\"author\" content=\"Normpatent\" \/>\n<meta name=\"twitter:card\" content=\"summary_large_image\" \/>\n<meta name=\"twitter:label1\" content=\"Yazan:\" \/>\n\t<meta name=\"twitter:data1\" content=\"Normpatent\" \/>\n\t<meta name=\"twitter:label2\" content=\"Tahmini okuma s\u00fcresi\" \/>\n\t<meta name=\"twitter:data2\" content=\"1 dakika\" \/>\n<script type=\"application\/ld+json\" class=\"yoast-schema-graph\">{\"@context\":\"https:\/\/schema.org\",\"@graph\":[{\"@type\":\"Article\",\"@id\":\"https:\/\/www.besabelge.com\/index.php\/2023\/04\/17\/4-buyuklerin-marka-rekabeti\/#article\",\"isPartOf\":{\"@id\":\"https:\/\/www.besabelge.com\/index.php\/2023\/04\/17\/4-buyuklerin-marka-rekabeti\/\"},\"author\":{\"name\":\"Normpatent\",\"@id\":\"https:\/\/www.besabelge.com\/#\/schema\/person\/e7b3ba634047bedc0446e3a97cb94cc0\"},\"headline\":\"4 B\u00fcy\u00fcklerin Marka Rekabeti\",\"datePublished\":\"2023-04-17T08:33:21+00:00\",\"dateModified\":\"2023-04-17T12:17:44+00:00\",\"mainEntityOfPage\":{\"@id\":\"https:\/\/www.besabelge.com\/index.php\/2023\/04\/17\/4-buyuklerin-marka-rekabeti\/\"},\"wordCount\":156,\"publisher\":{\"@id\":\"https:\/\/www.besabelge.com\/#organization\"},\"articleSection\":[\"Fikri M\u00fclkiyet Magazini\",\"Marka\"],\"inLanguage\":\"tr\"},{\"@type\":\"WebPage\",\"@id\":\"https:\/\/www.besabelge.com\/index.php\/2023\/04\/17\/4-buyuklerin-marka-rekabeti\/\",\"url\":\"https:\/\/www.besabelge.com\/index.php\/2023\/04\/17\/4-buyuklerin-marka-rekabeti\/\",\"name\":\"4 B\u00fcy\u00fcklerin Marka Rekabeti - Normpatent\",\"isPartOf\":{\"@id\":\"https:\/\/www.besabelge.com\/#website\"},\"datePublished\":\"2023-04-17T08:33:21+00:00\",\"dateModified\":\"2023-04-17T12:17:44+00:00\",\"breadcrumb\":{\"@id\":\"https:\/\/www.besabelge.com\/index.php\/2023\/04\/17\/4-buyuklerin-marka-rekabeti\/#breadcrumb\"},\"inLanguage\":\"tr\",\"potentialAction\":[{\"@type\":\"ReadAction\",\"target\":[\"https:\/\/www.besabelge.com\/index.php\/2023\/04\/17\/4-buyuklerin-marka-rekabeti\/\"]}]},{\"@type\":\"BreadcrumbList\",\"@id\":\"https:\/\/www.besabelge.com\/index.php\/2023\/04\/17\/4-buyuklerin-marka-rekabeti\/#breadcrumb\",\"itemListElement\":[{\"@type\":\"ListItem\",\"position\":1,\"name\":\"Anasayfa\",\"item\":\"https:\/\/www.besabelge.com\/\"},{\"@type\":\"ListItem\",\"position\":2,\"name\":\"4 B\u00fcy\u00fcklerin Marka Rekabeti\"}]},{\"@type\":\"WebSite\",\"@id\":\"https:\/\/www.besabelge.com\/#website\",\"url\":\"https:\/\/www.besabelge.com\/\",\"name\":\"Normpatent\",\"description\":\"Marka Tescili - Patent Tescili - EPO Validation - PCT National Phase in Turkey\",\"publisher\":{\"@id\":\"https:\/\/www.besabelge.com\/#organization\"},\"potentialAction\":[{\"@type\":\"SearchAction\",\"target\":{\"@type\":\"EntryPoint\",\"urlTemplate\":\"https:\/\/www.besabelge.com\/?s={search_term_string}\"},\"query-input\":\"required name=search_term_string\"}],\"inLanguage\":\"tr\"},{\"@type\":\"Organization\",\"@id\":\"https:\/\/www.besabelge.com\/#organization\",\"name\":\"Normpatent\",\"url\":\"https:\/\/www.besabelge.com\/\",\"logo\":{\"@type\":\"ImageObject\",\"inLanguage\":\"tr\",\"@id\":\"https:\/\/www.besabelge.com\/#\/schema\/logo\/image\/\",\"url\":\"https:\/\/www.besabelge.com\/wp-content\/uploads\/2023\/04\/np_logo_ic_kirmizi.jpg\",\"contentUrl\":\"https:\/\/www.besabelge.com\/wp-content\/uploads\/2023\/04\/np_logo_ic_kirmizi.jpg\",\"width\":354,\"height\":354,\"caption\":\"Normpatent\"},\"image\":{\"@id\":\"https:\/\/www.besabelge.com\/#\/schema\/logo\/image\/\"},\"sameAs\":[\"https:\/\/www.linkedin.com\/company\/49108458\/admin\/\"]},{\"@type\":\"Person\",\"@id\":\"https:\/\/www.besabelge.com\/#\/schema\/person\/e7b3ba634047bedc0446e3a97cb94cc0\",\"name\":\"Normpatent\",\"image\":{\"@type\":\"ImageObject\",\"inLanguage\":\"tr\",\"@id\":\"https:\/\/www.besabelge.com\/#\/schema\/person\/image\/\",\"url\":\"https:\/\/secure.gravatar.com\/avatar\/36dcd5fcf7d4ae5939a30d4119a6afda?s=96&d=mm&r=g\",\"contentUrl\":\"https:\/\/secure.gravatar.com\/avatar\/36dcd5fcf7d4ae5939a30d4119a6afda?s=96&d=mm&r=g\",\"caption\":\"Normpatent\"},\"sameAs\":[\"https:\/\/www.besabelge.com\"],\"url\":\"https:\/\/www.besabelge.com\/index.php\/author\/berke_funda\/\"}]}<\/script>\n<!-- \/ Yoast SEO plugin. -->","yoast_head_json":{"title":"4 B\u00fcy\u00fcklerin Marka Rekabeti - Normpatent","robots":{"index":"index","follow":"follow","max-snippet":"max-snippet:-1","max-image-preview":"max-image-preview:large","max-video-preview":"max-video-preview:-1"},"canonical":"https:\/\/www.besabelge.com\/index.php\/2023\/04\/17\/4-buyuklerin-marka-rekabeti\/","og_locale":"tr_TR","og_type":"article","og_title":"4 B\u00fcy\u00fcklerin Marka Rekabeti - Normpatent","og_description":"T\u00fcrk Futbolunun 4 B\u00fcy\u00fcklerinin Marka Rekabeti 4 b\u00fcy\u00fcklerin sahadaki rekabeti h\u0131zla devam ederken, rekabete uzman\u0131 oldu\u011fumuz Fikri Haklar ba\u015fl\u0131\u011f\u0131 y\u00f6n\u00fcnden bakmak istedik. Kul\u00fcplerimizin marka de\u011ferlerini ara\u015ft\u0131rmak i\u00e7in yeterli ve resmi veriler elimizde olmad\u0131\u011f\u0131 i\u00e7in bu rekabete tescili devam eden markalar\u0131 \u00fczerinden yakla\u015ft\u0131k ve en eski tescile sahip olmalar\u0131 y\u00f6n\u00fcnden s\u0131ralad\u0131k.&nbsp; &nbsp;\u00c7\u0131kan puan durumuna g\u00f6re zirveyi [&hellip;]","og_url":"https:\/\/www.besabelge.com\/index.php\/2023\/04\/17\/4-buyuklerin-marka-rekabeti\/","og_site_name":"Normpatent","article_published_time":"2023-04-17T08:33:21+00:00","article_modified_time":"2023-04-17T12:17:44+00:00","og_image":[{"width":842,"height":595,"url":"https:\/\/www.besabelge.com\/wp-content\/uploads\/2023\/04\/4_buyuklar.jpg","type":"image\/jpeg"}],"author":"Normpatent","twitter_card":"summary_large_image","twitter_misc":{"Yazan:":"Normpatent","Tahmini okuma s\u00fcresi":"1 dakika"},"schema":{"@context":"https:\/\/schema.org","@graph":[{"@type":"Article","@id":"https:\/\/www.besabelge.com\/index.php\/2023\/04\/17\/4-buyuklerin-marka-rekabeti\/#article","isPartOf":{"@id":"https:\/\/www.besabelge.com\/index.php\/2023\/04\/17\/4-buyuklerin-marka-rekabeti\/"},"author":{"name":"Normpatent","@id":"https:\/\/www.besabelge.com\/#\/schema\/person\/e7b3ba634047bedc0446e3a97cb94cc0"},"headline":"4 B\u00fcy\u00fcklerin Marka Rekabeti","datePublished":"2023-04-17T08:33:21+00:00","dateModified":"2023-04-17T12:17:44+00:00","mainEntityOfPage":{"@id":"https:\/\/www.besabelge.com\/index.php\/2023\/04\/17\/4-buyuklerin-marka-rekabeti\/"},"wordCount":156,"publisher":{"@id":"https:\/\/www.besabelge.com\/#organization"},"articleSection":["Fikri M\u00fclkiyet Magazini","Marka"],"inLanguage":"tr"},{"@type":"WebPage","@id":"https:\/\/www.besabelge.com\/index.php\/2023\/04\/17\/4-buyuklerin-marka-rekabeti\/","url":"https:\/\/www.besabelge.com\/index.php\/2023\/04\/17\/4-buyuklerin-marka-rekabeti\/","name":"4 B\u00fcy\u00fcklerin Marka Rekabeti - Normpatent","isPartOf":{"@id":"https:\/\/www.besabelge.com\/#website"},"datePublished":"2023-04-17T08:33:21+00:00","dateModified":"2023-04-17T12:17:44+00:00","breadcrumb":{"@id":"https:\/\/www.besabelge.com\/index.php\/2023\/04\/17\/4-buyuklerin-marka-rekabeti\/#breadcrumb"},"inLanguage":"tr","potentialAction":[{"@type":"ReadAction","target":["https:\/\/www.besabelge.com\/index.php\/2023\/04\/17\/4-buyuklerin-marka-rekabeti\/"]}]},{"@type":"BreadcrumbList","@id":"https:\/\/www.besabelge.com\/index.php\/2023\/04\/17\/4-buyuklerin-marka-rekabeti\/#breadcrumb","itemListElement":[{"@type":"ListItem","position":1,"name":"Anasayfa","item":"https:\/\/www.besabelge.com\/"},{"@type":"ListItem","position":2,"name":"4 B\u00fcy\u00fcklerin Marka Rekabeti"}]},{"@type":"WebSite","@id":"https:\/\/www.besabelge.com\/#website","url":"https:\/\/www.besabelge.com\/","name":"Normpatent","description":"Marka Tescili - Patent Tescili - EPO Validation - PCT National Phase in Turkey","publisher":{"@id":"https:\/\/www.besabelge.com\/#organization"},"potentialAction":[{"@type":"SearchAction","target":{"@type":"EntryPoint","urlTemplate":"https:\/\/www.besabelge.com\/?s={search_term_string}"},"query-input":"required name=search_term_string"}],"inLanguage":"tr"},{"@type":"Organization","@id":"https:\/\/www.besabelge.com\/#organization","name":"Normpatent","url":"https:\/\/www.besabelge.com\/","logo":{"@type":"ImageObject","inLanguage":"tr","@id":"https:\/\/www.besabelge.com\/#\/schema\/logo\/image\/","url":"https:\/\/www.besabelge.com\/wp-content\/uploads\/2023\/04\/np_logo_ic_kirmizi.jpg","contentUrl":"https:\/\/www.besabelge.com\/wp-content\/uploads\/2023\/04\/np_logo_ic_kirmizi.jpg","width":354,"height":354,"caption":"Normpatent"},"image":{"@id":"https:\/\/www.besabelge.com\/#\/schema\/logo\/image\/"},"sameAs":["https:\/\/www.linkedin.com\/company\/49108458\/admin\/"]},{"@type":"Person","@id":"https:\/\/www.besabelge.com\/#\/schema\/person\/e7b3ba634047bedc0446e3a97cb94cc0","name":"Normpatent","image":{"@type":"ImageObject","inLanguage":"tr","@id":"https:\/\/www.besabelge.com\/#\/schema\/person\/image\/","url":"https:\/\/secure.gravatar.com\/avatar\/36dcd5fcf7d4ae5939a30d4119a6afda?s=96&d=mm&r=g","contentUrl":"https:\/\/secure.gravatar.com\/avatar\/36dcd5fcf7d4ae5939a30d4119a6afda?s=96&d=mm&r=g","caption":"Normpatent"},"sameAs":["https:\/\/www.besabelge.com"],"url":"https:\/\/www.besabelge.com\/index.php\/author\/berke_funda\/"}]}},"_links":{"self":[{"href":"https:\/\/www.besabelge.com\/index.php\/wp-json\/wp\/v2\/posts\/4214"}],"collection":[{"href":"https:\/\/www.besabelge.com\/index.php\/wp-json\/wp\/v2\/posts"}],"about":[{"href":"https:\/\/www.besabelge.com\/index.php\/wp-json\/wp\/v2\/types\/post"}],"author":[{"embeddable":true,"href":"https:\/\/www.besabelge.com\/index.php\/wp-json\/wp\/v2\/users\/1"}],"replies":[{"embeddable":true,"href":"https:\/\/www.besabelge.com\/index.php\/wp-json\/wp\/v2\/comments?post=4214"}],"version-history":[{"count":19,"href":"https:\/\/www.besabelge.com\/index.php\/wp-json\/wp\/v2\/posts\/4214\/revisions"}],"predecessor-version":[{"id":4260,"href":"https:\/\/www.besabelge.com\/index.php\/wp-json\/wp\/v2\/posts\/4214\/revisions\/4260"}],"wp:featuredmedia":[{"embeddable":true,"href":"https:\/\/www.besabelge.com\/index.php\/wp-json\/wp\/v2\/media\/4256"}],"wp:attachment":[{"href":"https:\/\/www.besabelge.com\/index.php\/wp-json\/wp\/v2\/media?parent=4214"}],"wp:term":[{"taxonomy":"category","embeddable":true,"href":"https:\/\/www.besabelge.com\/index.php\/wp-json\/wp\/v2\/categories?post=4214"},{"taxonomy":"post_tag","embeddable":true,"href":"https:\/\/www.besabelge.com\/index.php\/wp-json\/wp\/v2\/tags?post=4214"}],"curies":[{"name":"wp","href":"https:\/\/api.w.org\/{rel}","templated":true}]}}