{"id":4485,"date":"2023-04-26T12:14:23","date_gmt":"2023-04-26T09:14:23","guid":{"rendered":"https:\/\/www.besabelge.com\/?p=4485"},"modified":"2023-04-26T12:26:02","modified_gmt":"2023-04-26T09:26:02","slug":"dunya-fikri","status":"publish","type":"post","link":"https:\/\/www.besabelge.com\/index.php\/2023\/04\/26\/dunya-fikri\/","title":{"rendered":"D\u00fcnya Fikri M\u00fclkiyet G\u00fcn\u00fc"},"content":{"rendered":"\t\t<div data-elementor-type=\"wp-post\" data-elementor-id=\"4485\" class=\"elementor elementor-4485\">\n\t\t\t\t\t\t<section class=\"elementor-section elementor-top-section elementor-element elementor-element-da0b099 elementor-section-boxed elementor-section-height-default elementor-section-height-default\" data-id=\"da0b099\" data-element_type=\"section\">\n\t\t\t\t\t\t<div class=\"elementor-container elementor-column-gap-default\">\n\t\t\t\t\t<div class=\"elementor-column elementor-col-100 elementor-top-column elementor-element elementor-element-d71483b\" data-id=\"d71483b\" data-element_type=\"column\">\n\t\t\t<div class=\"elementor-widget-wrap elementor-element-populated\">\n\t\t\t\t\t\t<div class=\"elementor-element elementor-element-f804b92 elementor-widget elementor-widget-vankine-title-v1\" data-id=\"f804b92\" data-element_type=\"widget\" data-widget_type=\"vankine-title-v1.default\">\n\t\t\t\t<div class=\"elementor-widget-container\">\n\t\t\t                    <div class=\"section_title type_one\">\r\n                            <h6 class=\"sm_title\"> 2023<\/h6>\r\n                                        <div class=\"title_whole\"> \r\n                        <h2 class=\"title\"> D\u00fcnya Fikri M\u00fclkiyet G\u00fcn\u00fc  <\/h2>\r\n                <\/div>\r\n                                <\/div>\r\n            \r\n\r\n    \t\t<\/div>\n\t\t\t\t<\/div>\n\t\t\t\t\t<\/div>\n\t\t<\/div>\n\t\t\t\t\t<\/div>\n\t\t<\/section>\n\t\t\t\t<section class=\"elementor-section elementor-top-section elementor-element elementor-element-a8596bd elementor-section-boxed elementor-section-height-default elementor-section-height-default\" data-id=\"a8596bd\" data-element_type=\"section\">\n\t\t\t\t\t\t<div class=\"elementor-container elementor-column-gap-default\">\n\t\t\t\t\t<div class=\"elementor-column elementor-col-100 elementor-top-column elementor-element elementor-element-7d9dd3e\" data-id=\"7d9dd3e\" data-element_type=\"column\">\n\t\t\t<div class=\"elementor-widget-wrap elementor-element-populated\">\n\t\t\t\t\t\t<div class=\"elementor-element elementor-element-4a61f8b elementor-widget elementor-widget-vankine-text-editor-v1\" data-id=\"4a61f8b\" data-element_type=\"widget\" data-widget_type=\"vankine-text-editor-v1.default\">\n\t\t\t\t<div class=\"elementor-widget-container\">\n\t\t\t   <div class=\"position-relative position_p_relative\">\r\n        <p>De\u011fi\u015fimin ve ilerlemenin itici g\u00fcc\u00fc insan yarat\u0131c\u0131l\u0131\u011f\u0131, insano\u011flunun var oldu\u011fu g\u00fcnden beri kad\u0131n ve erkek bulu\u015f\u00e7ular ile d\u00fcnyam\u0131z\u0131 \u015fekillendirmekte ve daha ileriye g\u00f6t\u00fcrmektedir. \u00c7e\u015fitli nedenler ile bask\u0131lanm\u0131\u015f ya da geri planda kalm\u0131\u015f kad\u0131n bulu\u015f\u00e7ular\u0131n hak ettikleri de\u011feri g\u00f6rmeleri ve kar\u015f\u0131la\u015ft\u0131klar\u0131 problemleri bir nebze olsun a\u015fabilmeleri i\u00e7in, D\u00fcnya Fikri M\u00fclkiyet Organizasyonu (WIPO) her sene 26 Nisan\u2019da kutlanan D\u00fcnya Fikri M\u00fclkiyet G\u00fcn\u00fcn\u00fc, 2023 y\u0131l\u0131nda kad\u0131n bulu\u015f\u00e7ulara adad\u0131.<\/p><p>Biz de NORMPATENT ailesi olarak bu vesile ile hem D\u00fcnya Fikri M\u00fclkiyet G\u00fcn\u00fcn\u00fcz\u00fc kutluyor hem de d\u00fcnyan\u0131n d\u00f6rt bir yan\u0131nda hayal g\u00fc\u00e7leri, marifetleri ve azimleri ile d\u00fcnyam\u0131z\u0131 geli\u015ftiren ve g\u00fczelle\u015ftiren kad\u0131n bulu\u015f\u00e7ular\u0131m\u0131z\u0131n hak ettikleri yeri en k\u0131sa zamanda almalar\u0131n\u0131 temenni ediyoruz.<\/p>    <\/div>\r\n\t\t<\/div>\n\t\t\t\t<\/div>\n\t\t\t\t\t<\/div>\n\t\t<\/div>\n\t\t\t\t\t<\/div>\n\t\t<\/section>\n\t\t\t\t<\/div>\n\t\t","protected":false},"excerpt":{"rendered":"<p>2023 D\u00fcnya Fikri M\u00fclkiyet G\u00fcn\u00fc De\u011fi\u015fimin ve ilerlemenin itici g\u00fcc\u00fc insan yarat\u0131c\u0131l\u0131\u011f\u0131, insano\u011flunun var oldu\u011fu g\u00fcnden beri kad\u0131n ve erkek bulu\u015f\u00e7ular ile d\u00fcnyam\u0131z\u0131 \u015fekillendirmekte ve daha ileriye g\u00f6t\u00fcrmektedir. \u00c7e\u015fitli nedenler ile bask\u0131lanm\u0131\u015f ya da geri planda kalm\u0131\u015f kad\u0131n bulu\u015f\u00e7ular\u0131n hak ettikleri de\u011feri g\u00f6rmeleri ve kar\u015f\u0131la\u015ft\u0131klar\u0131 problemleri bir nebze olsun a\u015fabilmeleri i\u00e7in, D\u00fcnya Fikri M\u00fclkiyet Organizasyonu [&hellip;]<\/p>\n","protected":false},"author":1,"featured_media":4491,"comment_status":"closed","ping_status":"closed","sticky":false,"template":"","format":"standard","meta":{"_monsterinsights_skip_tracking":false,"_monsterinsights_sitenote_active":false,"_monsterinsights_sitenote_note":"","_monsterinsights_sitenote_category":0,"_joinchat":[]},"categories":[90,91],"tags":[],"yoast_head":"<!-- This site is optimized with the Yoast SEO plugin v21.7 - https:\/\/yoast.com\/wordpress\/plugins\/seo\/ -->\n<title>D\u00fcnya Fikri M\u00fclkiyet G\u00fcn\u00fc - Normpatent<\/title>\n<meta name=\"robots\" content=\"index, follow, max-snippet:-1, max-image-preview:large, max-video-preview:-1\" \/>\n<link rel=\"canonical\" href=\"https:\/\/www.besabelge.com\/index.php\/2023\/04\/26\/dunya-fikri\/\" \/>\n<meta property=\"og:locale\" content=\"tr_TR\" \/>\n<meta property=\"og:type\" content=\"article\" \/>\n<meta property=\"og:title\" content=\"D\u00fcnya Fikri M\u00fclkiyet G\u00fcn\u00fc - Normpatent\" \/>\n<meta property=\"og:description\" content=\"2023 D\u00fcnya Fikri M\u00fclkiyet G\u00fcn\u00fc De\u011fi\u015fimin ve ilerlemenin itici g\u00fcc\u00fc insan yarat\u0131c\u0131l\u0131\u011f\u0131, insano\u011flunun var oldu\u011fu g\u00fcnden beri kad\u0131n ve erkek bulu\u015f\u00e7ular ile d\u00fcnyam\u0131z\u0131 \u015fekillendirmekte ve daha ileriye g\u00f6t\u00fcrmektedir. \u00c7e\u015fitli nedenler ile bask\u0131lanm\u0131\u015f ya da geri planda kalm\u0131\u015f kad\u0131n bulu\u015f\u00e7ular\u0131n hak ettikleri de\u011feri g\u00f6rmeleri ve kar\u015f\u0131la\u015ft\u0131klar\u0131 problemleri bir nebze olsun a\u015fabilmeleri i\u00e7in, D\u00fcnya Fikri M\u00fclkiyet Organizasyonu [&hellip;]\" \/>\n<meta property=\"og:url\" content=\"https:\/\/www.besabelge.com\/index.php\/2023\/04\/26\/dunya-fikri\/\" \/>\n<meta property=\"og:site_name\" content=\"Normpatent\" \/>\n<meta property=\"article:published_time\" content=\"2023-04-26T09:14:23+00:00\" \/>\n<meta property=\"article:modified_time\" content=\"2023-04-26T09:26:02+00:00\" \/>\n<meta property=\"og:image\" content=\"https:\/\/www.besabelge.com\/wp-content\/uploads\/2023\/04\/dunya_fikri-1.jpg\" \/>\n\t<meta property=\"og:image:width\" content=\"455\" \/>\n\t<meta property=\"og:image:height\" content=\"435\" \/>\n\t<meta property=\"og:image:type\" content=\"image\/jpeg\" \/>\n<meta name=\"author\" content=\"Normpatent\" \/>\n<meta name=\"twitter:card\" content=\"summary_large_image\" \/>\n<meta name=\"twitter:label1\" content=\"Yazan:\" \/>\n\t<meta name=\"twitter:data1\" content=\"Normpatent\" \/>\n\t<meta name=\"twitter:label2\" content=\"Tahmini okuma s\u00fcresi\" \/>\n\t<meta name=\"twitter:data2\" content=\"1 dakika\" \/>\n<script type=\"application\/ld+json\" class=\"yoast-schema-graph\">{\"@context\":\"https:\/\/schema.org\",\"@graph\":[{\"@type\":\"Article\",\"@id\":\"https:\/\/www.besabelge.com\/index.php\/2023\/04\/26\/dunya-fikri\/#article\",\"isPartOf\":{\"@id\":\"https:\/\/www.besabelge.com\/index.php\/2023\/04\/26\/dunya-fikri\/\"},\"author\":{\"name\":\"Normpatent\",\"@id\":\"https:\/\/www.besabelge.com\/#\/schema\/person\/e7b3ba634047bedc0446e3a97cb94cc0\"},\"headline\":\"D\u00fcnya Fikri M\u00fclkiyet G\u00fcn\u00fc\",\"datePublished\":\"2023-04-26T09:14:23+00:00\",\"dateModified\":\"2023-04-26T09:26:02+00:00\",\"mainEntityOfPage\":{\"@id\":\"https:\/\/www.besabelge.com\/index.php\/2023\/04\/26\/dunya-fikri\/\"},\"wordCount\":177,\"publisher\":{\"@id\":\"https:\/\/www.besabelge.com\/#organization\"},\"articleSection\":[\"Fikri M\u00fclkiyet Magazini\",\"Patent\"],\"inLanguage\":\"tr\"},{\"@type\":\"WebPage\",\"@id\":\"https:\/\/www.besabelge.com\/index.php\/2023\/04\/26\/dunya-fikri\/\",\"url\":\"https:\/\/www.besabelge.com\/index.php\/2023\/04\/26\/dunya-fikri\/\",\"name\":\"D\u00fcnya Fikri M\u00fclkiyet G\u00fcn\u00fc - Normpatent\",\"isPartOf\":{\"@id\":\"https:\/\/www.besabelge.com\/#website\"},\"datePublished\":\"2023-04-26T09:14:23+00:00\",\"dateModified\":\"2023-04-26T09:26:02+00:00\",\"breadcrumb\":{\"@id\":\"https:\/\/www.besabelge.com\/index.php\/2023\/04\/26\/dunya-fikri\/#breadcrumb\"},\"inLanguage\":\"tr\",\"potentialAction\":[{\"@type\":\"ReadAction\",\"target\":[\"https:\/\/www.besabelge.com\/index.php\/2023\/04\/26\/dunya-fikri\/\"]}]},{\"@type\":\"BreadcrumbList\",\"@id\":\"https:\/\/www.besabelge.com\/index.php\/2023\/04\/26\/dunya-fikri\/#breadcrumb\",\"itemListElement\":[{\"@type\":\"ListItem\",\"position\":1,\"name\":\"Anasayfa\",\"item\":\"https:\/\/www.besabelge.com\/\"},{\"@type\":\"ListItem\",\"position\":2,\"name\":\"D\u00fcnya Fikri M\u00fclkiyet G\u00fcn\u00fc\"}]},{\"@type\":\"WebSite\",\"@id\":\"https:\/\/www.besabelge.com\/#website\",\"url\":\"https:\/\/www.besabelge.com\/\",\"name\":\"Normpatent\",\"description\":\"Marka Tescili - Patent Tescili - EPO Validation - PCT National Phase in Turkey\",\"publisher\":{\"@id\":\"https:\/\/www.besabelge.com\/#organization\"},\"potentialAction\":[{\"@type\":\"SearchAction\",\"target\":{\"@type\":\"EntryPoint\",\"urlTemplate\":\"https:\/\/www.besabelge.com\/?s={search_term_string}\"},\"query-input\":\"required name=search_term_string\"}],\"inLanguage\":\"tr\"},{\"@type\":\"Organization\",\"@id\":\"https:\/\/www.besabelge.com\/#organization\",\"name\":\"Normpatent\",\"url\":\"https:\/\/www.besabelge.com\/\",\"logo\":{\"@type\":\"ImageObject\",\"inLanguage\":\"tr\",\"@id\":\"https:\/\/www.besabelge.com\/#\/schema\/logo\/image\/\",\"url\":\"https:\/\/www.besabelge.com\/wp-content\/uploads\/2023\/04\/np_logo_ic_kirmizi.jpg\",\"contentUrl\":\"https:\/\/www.besabelge.com\/wp-content\/uploads\/2023\/04\/np_logo_ic_kirmizi.jpg\",\"width\":354,\"height\":354,\"caption\":\"Normpatent\"},\"image\":{\"@id\":\"https:\/\/www.besabelge.com\/#\/schema\/logo\/image\/\"},\"sameAs\":[\"https:\/\/www.linkedin.com\/company\/49108458\/admin\/\"]},{\"@type\":\"Person\",\"@id\":\"https:\/\/www.besabelge.com\/#\/schema\/person\/e7b3ba634047bedc0446e3a97cb94cc0\",\"name\":\"Normpatent\",\"image\":{\"@type\":\"ImageObject\",\"inLanguage\":\"tr\",\"@id\":\"https:\/\/www.besabelge.com\/#\/schema\/person\/image\/\",\"url\":\"https:\/\/secure.gravatar.com\/avatar\/36dcd5fcf7d4ae5939a30d4119a6afda?s=96&d=mm&r=g\",\"contentUrl\":\"https:\/\/secure.gravatar.com\/avatar\/36dcd5fcf7d4ae5939a30d4119a6afda?s=96&d=mm&r=g\",\"caption\":\"Normpatent\"},\"sameAs\":[\"https:\/\/www.besabelge.com\"],\"url\":\"https:\/\/www.besabelge.com\/index.php\/author\/berke_funda\/\"}]}<\/script>\n<!-- \/ Yoast SEO plugin. -->","yoast_head_json":{"title":"D\u00fcnya Fikri M\u00fclkiyet G\u00fcn\u00fc - Normpatent","robots":{"index":"index","follow":"follow","max-snippet":"max-snippet:-1","max-image-preview":"max-image-preview:large","max-video-preview":"max-video-preview:-1"},"canonical":"https:\/\/www.besabelge.com\/index.php\/2023\/04\/26\/dunya-fikri\/","og_locale":"tr_TR","og_type":"article","og_title":"D\u00fcnya Fikri M\u00fclkiyet G\u00fcn\u00fc - Normpatent","og_description":"2023 D\u00fcnya Fikri M\u00fclkiyet G\u00fcn\u00fc De\u011fi\u015fimin ve ilerlemenin itici g\u00fcc\u00fc insan yarat\u0131c\u0131l\u0131\u011f\u0131, insano\u011flunun var oldu\u011fu g\u00fcnden beri kad\u0131n ve erkek bulu\u015f\u00e7ular ile d\u00fcnyam\u0131z\u0131 \u015fekillendirmekte ve daha ileriye g\u00f6t\u00fcrmektedir. \u00c7e\u015fitli nedenler ile bask\u0131lanm\u0131\u015f ya da geri planda kalm\u0131\u015f kad\u0131n bulu\u015f\u00e7ular\u0131n hak ettikleri de\u011feri g\u00f6rmeleri ve kar\u015f\u0131la\u015ft\u0131klar\u0131 problemleri bir nebze olsun a\u015fabilmeleri i\u00e7in, D\u00fcnya Fikri M\u00fclkiyet Organizasyonu [&hellip;]","og_url":"https:\/\/www.besabelge.com\/index.php\/2023\/04\/26\/dunya-fikri\/","og_site_name":"Normpatent","article_published_time":"2023-04-26T09:14:23+00:00","article_modified_time":"2023-04-26T09:26:02+00:00","og_image":[{"width":455,"height":435,"url":"https:\/\/www.besabelge.com\/wp-content\/uploads\/2023\/04\/dunya_fikri-1.jpg","type":"image\/jpeg"}],"author":"Normpatent","twitter_card":"summary_large_image","twitter_misc":{"Yazan:":"Normpatent","Tahmini okuma s\u00fcresi":"1 dakika"},"schema":{"@context":"https:\/\/schema.org","@graph":[{"@type":"Article","@id":"https:\/\/www.besabelge.com\/index.php\/2023\/04\/26\/dunya-fikri\/#article","isPartOf":{"@id":"https:\/\/www.besabelge.com\/index.php\/2023\/04\/26\/dunya-fikri\/"},"author":{"name":"Normpatent","@id":"https:\/\/www.besabelge.com\/#\/schema\/person\/e7b3ba634047bedc0446e3a97cb94cc0"},"headline":"D\u00fcnya Fikri M\u00fclkiyet G\u00fcn\u00fc","datePublished":"2023-04-26T09:14:23+00:00","dateModified":"2023-04-26T09:26:02+00:00","mainEntityOfPage":{"@id":"https:\/\/www.besabelge.com\/index.php\/2023\/04\/26\/dunya-fikri\/"},"wordCount":177,"publisher":{"@id":"https:\/\/www.besabelge.com\/#organization"},"articleSection":["Fikri M\u00fclkiyet Magazini","Patent"],"inLanguage":"tr"},{"@type":"WebPage","@id":"https:\/\/www.besabelge.com\/index.php\/2023\/04\/26\/dunya-fikri\/","url":"https:\/\/www.besabelge.com\/index.php\/2023\/04\/26\/dunya-fikri\/","name":"D\u00fcnya Fikri M\u00fclkiyet G\u00fcn\u00fc - Normpatent","isPartOf":{"@id":"https:\/\/www.besabelge.com\/#website"},"datePublished":"2023-04-26T09:14:23+00:00","dateModified":"2023-04-26T09:26:02+00:00","breadcrumb":{"@id":"https:\/\/www.besabelge.com\/index.php\/2023\/04\/26\/dunya-fikri\/#breadcrumb"},"inLanguage":"tr","potentialAction":[{"@type":"ReadAction","target":["https:\/\/www.besabelge.com\/index.php\/2023\/04\/26\/dunya-fikri\/"]}]},{"@type":"BreadcrumbList","@id":"https:\/\/www.besabelge.com\/index.php\/2023\/04\/26\/dunya-fikri\/#breadcrumb","itemListElement":[{"@type":"ListItem","position":1,"name":"Anasayfa","item":"https:\/\/www.besabelge.com\/"},{"@type":"ListItem","position":2,"name":"D\u00fcnya Fikri M\u00fclkiyet G\u00fcn\u00fc"}]},{"@type":"WebSite","@id":"https:\/\/www.besabelge.com\/#website","url":"https:\/\/www.besabelge.com\/","name":"Normpatent","description":"Marka Tescili - Patent Tescili - EPO Validation - PCT National Phase in Turkey","publisher":{"@id":"https:\/\/www.besabelge.com\/#organization"},"potentialAction":[{"@type":"SearchAction","target":{"@type":"EntryPoint","urlTemplate":"https:\/\/www.besabelge.com\/?s={search_term_string}"},"query-input":"required name=search_term_string"}],"inLanguage":"tr"},{"@type":"Organization","@id":"https:\/\/www.besabelge.com\/#organization","name":"Normpatent","url":"https:\/\/www.besabelge.com\/","logo":{"@type":"ImageObject","inLanguage":"tr","@id":"https:\/\/www.besabelge.com\/#\/schema\/logo\/image\/","url":"https:\/\/www.besabelge.com\/wp-content\/uploads\/2023\/04\/np_logo_ic_kirmizi.jpg","contentUrl":"https:\/\/www.besabelge.com\/wp-content\/uploads\/2023\/04\/np_logo_ic_kirmizi.jpg","width":354,"height":354,"caption":"Normpatent"},"image":{"@id":"https:\/\/www.besabelge.com\/#\/schema\/logo\/image\/"},"sameAs":["https:\/\/www.linkedin.com\/company\/49108458\/admin\/"]},{"@type":"Person","@id":"https:\/\/www.besabelge.com\/#\/schema\/person\/e7b3ba634047bedc0446e3a97cb94cc0","name":"Normpatent","image":{"@type":"ImageObject","inLanguage":"tr","@id":"https:\/\/www.besabelge.com\/#\/schema\/person\/image\/","url":"https:\/\/secure.gravatar.com\/avatar\/36dcd5fcf7d4ae5939a30d4119a6afda?s=96&d=mm&r=g","contentUrl":"https:\/\/secure.gravatar.com\/avatar\/36dcd5fcf7d4ae5939a30d4119a6afda?s=96&d=mm&r=g","caption":"Normpatent"},"sameAs":["https:\/\/www.besabelge.com"],"url":"https:\/\/www.besabelge.com\/index.php\/author\/berke_funda\/"}]}},"_links":{"self":[{"href":"https:\/\/www.besabelge.com\/index.php\/wp-json\/wp\/v2\/posts\/4485"}],"collection":[{"href":"https:\/\/www.besabelge.com\/index.php\/wp-json\/wp\/v2\/posts"}],"about":[{"href":"https:\/\/www.besabelge.com\/index.php\/wp-json\/wp\/v2\/types\/post"}],"author":[{"embeddable":true,"href":"https:\/\/www.besabelge.com\/index.php\/wp-json\/wp\/v2\/users\/1"}],"replies":[{"embeddable":true,"href":"https:\/\/www.besabelge.com\/index.php\/wp-json\/wp\/v2\/comments?post=4485"}],"version-history":[{"count":9,"href":"https:\/\/www.besabelge.com\/index.php\/wp-json\/wp\/v2\/posts\/4485\/revisions"}],"predecessor-version":[{"id":4497,"href":"https:\/\/www.besabelge.com\/index.php\/wp-json\/wp\/v2\/posts\/4485\/revisions\/4497"}],"wp:featuredmedia":[{"embeddable":true,"href":"https:\/\/www.besabelge.com\/index.php\/wp-json\/wp\/v2\/media\/4491"}],"wp:attachment":[{"href":"https:\/\/www.besabelge.com\/index.php\/wp-json\/wp\/v2\/media?parent=4485"}],"wp:term":[{"taxonomy":"category","embeddable":true,"href":"https:\/\/www.besabelge.com\/index.php\/wp-json\/wp\/v2\/categories?post=4485"},{"taxonomy":"post_tag","embeddable":true,"href":"https:\/\/www.besabelge.com\/index.php\/wp-json\/wp\/v2\/tags?post=4485"}],"curies":[{"name":"wp","href":"https:\/\/api.w.org\/{rel}","templated":true}]}}